{"id":16099,"date":"2026-09-01T12:26:29","date_gmt":"2026-09-01T15:26:29","guid":{"rendered":"https:\/\/sintrapel-limeira.org.br\/?p=16099"},"modified":"2026-09-01T12:26:30","modified_gmt":"2026-09-01T15:26:30","slug":"campanha-salarial-2026-comeca-a-luta-pela-valorizacao-dos-trabalhadores-da-categoria-artefatos-de-papel","status":"publish","type":"post","link":"https:\/\/sintrapel-limeira.org.br\/index.php\/campanha-salarial-2026-comeca-a-luta-pela-valorizacao-dos-trabalhadores-da-categoria-artefatos-de-papel\/","title":{"rendered":"CAMPANHA SALARIAL 2026: COME\u00c7A A LUTA PELA VALORIZA\u00c7\u00c3O DOS TRABALHADORES DA CATEGORIA ARTEFATOS DE PAPEL"},"content":{"rendered":"\n<p>No dia 31\/08, \u00e0s 10h, na sede do Sindicato Patronal SIAPAPECO, a Federa\u00e7\u00e3o do Papel dos Estados de S\u00e3o Paulo e Mato Grosso do Sul, juntamente com seus sindicatos filiados, protocolou a Pauta de Reivindica\u00e7\u00f5es da categoria de Artefatos de Papel, marcando o in\u00edcio da Campanha Salarial.<\/p>\n\n\n\n<p>\u201cHoje damos in\u00edcio \u00e0 nossa Campanha Salarial da categoria de Artefatos de Papel. Entregamos as reivindica\u00e7\u00f5es e necessidades dos trabalhadores, que diariamente contribuem para o crescimento e a riqueza deste setor. Esperamos que os empregadores reconhe\u00e7am a import\u00e2ncia de quem produz essa riqueza e valorizem seus trabalhadores durante as negocia\u00e7\u00f5es\u201d, destacou Betinho, presidente do Sintrapel Limeira<\/p>\n\n\n\n<figure class=\"wp-block-gallery has-nested-images columns-default is-cropped wp-block-gallery-1 is-layout-flex wp-block-gallery-is-layout-flex\">\n<figure class=\"wp-block-image size-large\"><img loading=\"lazy\" decoding=\"async\" width=\"1024\" height=\"710\" data-id=\"16100\" src=\"https:\/\/sintrapel-limeira.org.br\/2016\/wp-content\/uploads\/2026\/09\/WhatsApp-Image-2026-09-01-at-12.05.52-1-1024x710.jpeg\" alt=\"\" class=\"wp-image-16100\" srcset=\"https:\/\/sintrapel-limeira.org.br\/2016\/wp-content\/uploads\/2026\/09\/WhatsApp-Image-2026-09-01-at-12.05.52-1-1024x710.jpeg 1024w, https:\/\/sintrapel-limeira.org.br\/2016\/wp-content\/uploads\/2026\/09\/WhatsApp-Image-2026-09-01-at-12.05.52-1-300x208.jpeg 300w, https:\/\/sintrapel-limeira.org.br\/2016\/wp-content\/uploads\/2026\/09\/WhatsApp-Image-2026-09-01-at-12.05.52-1-768x533.jpeg 768w, https:\/\/sintrapel-limeira.org.br\/2016\/wp-content\/uploads\/2026\/09\/WhatsApp-Image-2026-09-01-at-12.05.52-1-1536x1066.jpeg 1536w, https:\/\/sintrapel-limeira.org.br\/2016\/wp-content\/uploads\/2026\/09\/WhatsApp-Image-2026-09-01-at-12.05.52-1.jpeg 1600w\" sizes=\"(max-width: 1024px) 100vw, 1024px\" \/><\/figure>\n\n\n\n<figure class=\"wp-block-image size-large\"><img loading=\"lazy\" decoding=\"async\" width=\"1024\" height=\"576\" data-id=\"16101\" src=\"https:\/\/sintrapel-limeira.org.br\/2016\/wp-content\/uploads\/2026\/09\/WhatsApp-Image-2026-09-01-at-12.05.52-2-1024x576.jpeg\" alt=\"\" class=\"wp-image-16101\" srcset=\"https:\/\/sintrapel-limeira.org.br\/2016\/wp-content\/uploads\/2026\/09\/WhatsApp-Image-2026-09-01-at-12.05.52-2-1024x576.jpeg 1024w, https:\/\/sintrapel-limeira.org.br\/2016\/wp-content\/uploads\/2026\/09\/WhatsApp-Image-2026-09-01-at-12.05.52-2-300x169.jpeg 300w, https:\/\/sintrapel-limeira.org.br\/2016\/wp-content\/uploads\/2026\/09\/WhatsApp-Image-2026-09-01-at-12.05.52-2-768x432.jpeg 768w, https:\/\/sintrapel-limeira.org.br\/2016\/wp-content\/uploads\/2026\/09\/WhatsApp-Image-2026-09-01-at-12.05.52-2.jpeg 1280w\" sizes=\"(max-width: 1024px) 100vw, 1024px\" \/><\/figure>\n\n\n\n<figure class=\"wp-block-image size-large\"><img loading=\"lazy\" decoding=\"async\" width=\"1024\" height=\"454\" data-id=\"16102\" src=\"https:\/\/sintrapel-limeira.org.br\/2016\/wp-content\/uploads\/2026\/09\/WhatsApp-Image-2026-09-01-at-12.05.52-1024x454.jpeg\" alt=\"\" class=\"wp-image-16102\" srcset=\"https:\/\/sintrapel-limeira.org.br\/2016\/wp-content\/uploads\/2026\/09\/WhatsApp-Image-2026-09-01-at-12.05.52-1024x454.jpeg 1024w, https:\/\/sintrapel-limeira.org.br\/2016\/wp-content\/uploads\/2026\/09\/WhatsApp-Image-2026-09-01-at-12.05.52-300x133.jpeg 300w, https:\/\/sintrapel-limeira.org.br\/2016\/wp-content\/uploads\/2026\/09\/WhatsApp-Image-2026-09-01-at-12.05.52-768x341.jpeg 768w, https:\/\/sintrapel-limeira.org.br\/2016\/wp-content\/uploads\/2026\/09\/WhatsApp-Image-2026-09-01-at-12.05.52.jpeg 1443w\" sizes=\"(max-width: 1024px) 100vw, 1024px\" \/><\/figure>\n\n\n\n<figure class=\"wp-block-image alignfull size-large\"><img loading=\"lazy\" decoding=\"async\" width=\"1024\" height=\"576\" data-id=\"16103\" src=\"https:\/\/sintrapel-limeira.org.br\/2016\/wp-content\/uploads\/2026\/09\/WhatsApp-Image-2026-09-01-at-12.05.53-1-1024x576.jpeg\" alt=\"\" class=\"wp-image-16103\" srcset=\"https:\/\/sintrapel-limeira.org.br\/2016\/wp-content\/uploads\/2026\/09\/WhatsApp-Image-2026-09-01-at-12.05.53-1-1024x576.jpeg 1024w, https:\/\/sintrapel-limeira.org.br\/2016\/wp-content\/uploads\/2026\/09\/WhatsApp-Image-2026-09-01-at-12.05.53-1-300x169.jpeg 300w, https:\/\/sintrapel-limeira.org.br\/2016\/wp-content\/uploads\/2026\/09\/WhatsApp-Image-2026-09-01-at-12.05.53-1-768x432.jpeg 768w, https:\/\/sintrapel-limeira.org.br\/2016\/wp-content\/uploads\/2026\/09\/WhatsApp-Image-2026-09-01-at-12.05.53-1.jpeg 1280w\" sizes=\"(max-width: 1024px) 100vw, 1024px\" \/><\/figure>\n\n\n\n<figure class=\"wp-block-image size-large\"><img loading=\"lazy\" decoding=\"async\" width=\"1024\" height=\"577\" data-id=\"16104\" src=\"https:\/\/sintrapel-limeira.org.br\/2016\/wp-content\/uploads\/2026\/09\/WhatsApp-Image-2026-09-01-at-12.05.53-1024x577.jpeg\" alt=\"\" class=\"wp-image-16104\" srcset=\"https:\/\/sintrapel-limeira.org.br\/2016\/wp-content\/uploads\/2026\/09\/WhatsApp-Image-2026-09-01-at-12.05.53-1024x577.jpeg 1024w, https:\/\/sintrapel-limeira.org.br\/2016\/wp-content\/uploads\/2026\/09\/WhatsApp-Image-2026-09-01-at-12.05.53-300x169.jpeg 300w, https:\/\/sintrapel-limeira.org.br\/2016\/wp-content\/uploads\/2026\/09\/WhatsApp-Image-2026-09-01-at-12.05.53-768x433.jpeg 768w, https:\/\/sintrapel-limeira.org.br\/2016\/wp-content\/uploads\/2026\/09\/WhatsApp-Image-2026-09-01-at-12.05.53-1536x866.jpeg 1536w, https:\/\/sintrapel-limeira.org.br\/2016\/wp-content\/uploads\/2026\/09\/WhatsApp-Image-2026-09-01-at-12.05.53.jpeg 1600w\" sizes=\"(max-width: 1024px) 100vw, 1024px\" \/><\/figure>\n<\/figure>\n","protected":false},"excerpt":{"rendered":"<p>No dia 31\/08, \u00e0s 10h, na sede do Sindicato Patronal SIAPAPECO, a Federa\u00e7\u00e3o do Papel dos Estados de S\u00e3o Paulo e Mato Grosso do Sul, juntamente com seus sindicatos filiados,&hellip; <\/p>\n","protected":false},"author":3,"featured_media":16104,"comment_status":"closed","ping_status":"open","sticky":false,"template":"","format":"standard","meta":{"footnotes":""},"categories":[206,450,42,37,453],"tags":[177,41,310,97,179,164,198],"class_list":["post-16099","post","type-post","status-publish","format-standard","has-post-thumbnail","hentry","category-campanha-salarial","category-destaque","category-galeria","category-noticias","category-trabalho","tag-campanha-salarial","tag-federacao","tag-negociacao-salarial","tag-papel","tag-papel-e-celulose","tag-salario","tag-sindicatos"],"_links":{"self":[{"href":"https:\/\/sintrapel-limeira.org.br\/index.php\/wp-json\/wp\/v2\/posts\/16099"}],"collection":[{"href":"https:\/\/sintrapel-limeira.org.br\/index.php\/wp-json\/wp\/v2\/posts"}],"about":[{"href":"https:\/\/sintrapel-limeira.org.br\/index.php\/wp-json\/wp\/v2\/types\/post"}],"author":[{"embeddable":true,"href":"https:\/\/sintrapel-limeira.org.br\/index.php\/wp-json\/wp\/v2\/users\/3"}],"replies":[{"embeddable":true,"href":"https:\/\/sintrapel-limeira.org.br\/index.php\/wp-json\/wp\/v2\/comments?post=16099"}],"version-history":[{"count":1,"href":"https:\/\/sintrapel-limeira.org.br\/index.php\/wp-json\/wp\/v2\/posts\/16099\/revisions"}],"predecessor-version":[{"id":16105,"href":"https:\/\/sintrapel-limeira.org.br\/index.php\/wp-json\/wp\/v2\/posts\/16099\/revisions\/16105"}],"wp:featuredmedia":[{"embeddable":true,"href":"https:\/\/sintrapel-limeira.org.br\/index.php\/wp-json\/wp\/v2\/media\/16104"}],"wp:attachment":[{"href":"https:\/\/sintrapel-limeira.org.br\/index.php\/wp-json\/wp\/v2\/media?parent=16099"}],"wp:term":[{"taxonomy":"category","embeddable":true,"href":"https:\/\/sintrapel-limeira.org.br\/index.php\/wp-json\/wp\/v2\/categories?post=16099"},{"taxonomy":"post_tag","embeddable":true,"href":"https:\/\/sintrapel-limeira.org.br\/index.php\/wp-json\/wp\/v2\/tags?post=16099"}],"curies":[{"name":"wp","href":"https:\/\/api.w.org\/{rel}","templated":true}]}}