{"id":16094,"date":"2026-09-01T12:16:17","date_gmt":"2026-09-01T15:16:17","guid":{"rendered":"https:\/\/sintrapel-limeira.org.br\/?p=16094"},"modified":"2026-09-01T12:16:18","modified_gmt":"2026-09-01T15:16:18","slug":"trabalhadores-aprovam-pautas-de-reivindicacoes-das-categorias","status":"publish","type":"post","link":"https:\/\/sintrapel-limeira.org.br\/index.php\/trabalhadores-aprovam-pautas-de-reivindicacoes-das-categorias\/","title":{"rendered":"TRABALHADORES APROVAM PAUTAS DE REIVINDICA\u00c7\u00d5ES DAS CATEGORIAS"},"content":{"rendered":"\n<p><\/p>\n\n\n\n<p>Na noite do dia <strong>28 de agosto, \u00e0s 18h30<\/strong>, no <strong>Clube de Campo do Sindicato dos Papeleiros de Limeira<\/strong>, trabalhadores e diretores sindicais se reuniram para discutir e aprovar as <strong>pautas de reivindica\u00e7\u00f5es das categorias de Celulose\/Papel, Papel\u00e3o Ondulado e Artefatos de Papel<\/strong>.<\/p>\n\n\n\n<p>A reuni\u00e3o marcou mais um importante passo na prepara\u00e7\u00e3o para as negocia\u00e7\u00f5es coletivas. A participa\u00e7\u00e3o dos trabalhadores \u00e9 fundamental para fortalecer a organiza\u00e7\u00e3o sindical e demonstrar que a categoria est\u00e1 unida na luta por melhores sal\u00e1rios, direitos e condi\u00e7\u00f5es de trabalho.<\/p>\n\n\n\n<blockquote class=\"wp-block-quote is-layout-flow wp-block-quote-is-layout-flow\">\n<p>\u201cFazer uma reuni\u00e3o com a presen\u00e7a dos diretores do Sindicato e dos trabalhadores s\u00f3 fortalece a luta e une a categoria. O momento \u00e9 importante, falta pouco para o in\u00edcio das negocia\u00e7\u00f5es e \u00e9 essencial que os trabalhadores estejam juntos com o Sindicato\u201d, comentou o presidente <strong>Betinho<\/strong>.<\/p>\n<\/blockquote>\n\n\n\n<p><strong>Juntos, somos fortes!<\/strong><\/p>\n\n\n\n<figure class=\"wp-block-gallery has-nested-images columns-default is-cropped wp-block-gallery-1 is-layout-flex wp-block-gallery-is-layout-flex\">\n<figure class=\"wp-block-image size-large\"><img loading=\"lazy\" decoding=\"async\" width=\"959\" height=\"671\" data-id=\"16095\" src=\"https:\/\/sintrapel-limeira.org.br\/2016\/wp-content\/uploads\/2026\/09\/WhatsApp-Image-.jpeg\" alt=\"\" class=\"wp-image-16095\" srcset=\"https:\/\/sintrapel-limeira.org.br\/2016\/wp-content\/uploads\/2026\/09\/WhatsApp-Image-.jpeg 959w, https:\/\/sintrapel-limeira.org.br\/2016\/wp-content\/uploads\/2026\/09\/WhatsApp-Image--300x210.jpeg 300w, https:\/\/sintrapel-limeira.org.br\/2016\/wp-content\/uploads\/2026\/09\/WhatsApp-Image--768x537.jpeg 768w\" sizes=\"(max-width: 959px) 100vw, 959px\" \/><\/figure>\n\n\n\n<figure class=\"wp-block-image size-large\"><img loading=\"lazy\" decoding=\"async\" width=\"960\" height=\"803\" data-id=\"16096\" src=\"https:\/\/sintrapel-limeira.org.br\/2016\/wp-content\/uploads\/2026\/09\/WhatsApp-Image-2026-09-01-at-.jpeg\" alt=\"\" class=\"wp-image-16096\" srcset=\"https:\/\/sintrapel-limeira.org.br\/2016\/wp-content\/uploads\/2026\/09\/WhatsApp-Image-2026-09-01-at-.jpeg 960w, https:\/\/sintrapel-limeira.org.br\/2016\/wp-content\/uploads\/2026\/09\/WhatsApp-Image-2026-09-01-at--300x251.jpeg 300w, https:\/\/sintrapel-limeira.org.br\/2016\/wp-content\/uploads\/2026\/09\/WhatsApp-Image-2026-09-01-at--768x642.jpeg 768w\" sizes=\"(max-width: 960px) 100vw, 960px\" \/><\/figure>\n\n\n\n<figure class=\"wp-block-image size-large\"><img loading=\"lazy\" decoding=\"async\" width=\"1024\" height=\"768\" data-id=\"16097\" src=\"https:\/\/sintrapel-limeira.org.br\/2016\/wp-content\/uploads\/2026\/09\/WhatsApp-Image-2026-09-01-at-12.07.16-1024x768.jpeg\" alt=\"\" class=\"wp-image-16097\" srcset=\"https:\/\/sintrapel-limeira.org.br\/2016\/wp-content\/uploads\/2026\/09\/WhatsApp-Image-2026-09-01-at-12.07.16-1024x768.jpeg 1024w, https:\/\/sintrapel-limeira.org.br\/2016\/wp-content\/uploads\/2026\/09\/WhatsApp-Image-2026-09-01-at-12.07.16-300x225.jpeg 300w, https:\/\/sintrapel-limeira.org.br\/2016\/wp-content\/uploads\/2026\/09\/WhatsApp-Image-2026-09-01-at-12.07.16-768x576.jpeg 768w, https:\/\/sintrapel-limeira.org.br\/2016\/wp-content\/uploads\/2026\/09\/WhatsApp-Image-2026-09-01-at-12.07.16-1536x1152.jpeg 1536w, https:\/\/sintrapel-limeira.org.br\/2016\/wp-content\/uploads\/2026\/09\/WhatsApp-Image-2026-09-01-at-12.07.16.jpeg 1600w\" sizes=\"(max-width: 1024px) 100vw, 1024px\" \/><\/figure>\n<\/figure>\n","protected":false},"excerpt":{"rendered":"<p>Na noite do dia 28 de agosto, \u00e0s 18h30, no Clube de Campo do Sindicato dos Papeleiros de Limeira, trabalhadores e diretores sindicais se reuniram para discutir e aprovar as&hellip; <\/p>\n","protected":false},"author":3,"featured_media":16097,"comment_status":"closed","ping_status":"open","sticky":false,"template":"","format":"standard","meta":{"footnotes":""},"categories":[206,450,42,38,453],"tags":[177,164,198],"class_list":["post-16094","post","type-post","status-publish","format-standard","has-post-thumbnail","hentry","category-campanha-salarial","category-destaque","category-galeria","category-palavra-do-presidente","category-trabalho","tag-campanha-salarial","tag-salario","tag-sindicatos"],"_links":{"self":[{"href":"https:\/\/sintrapel-limeira.org.br\/index.php\/wp-json\/wp\/v2\/posts\/16094"}],"collection":[{"href":"https:\/\/sintrapel-limeira.org.br\/index.php\/wp-json\/wp\/v2\/posts"}],"about":[{"href":"https:\/\/sintrapel-limeira.org.br\/index.php\/wp-json\/wp\/v2\/types\/post"}],"author":[{"embeddable":true,"href":"https:\/\/sintrapel-limeira.org.br\/index.php\/wp-json\/wp\/v2\/users\/3"}],"replies":[{"embeddable":true,"href":"https:\/\/sintrapel-limeira.org.br\/index.php\/wp-json\/wp\/v2\/comments?post=16094"}],"version-history":[{"count":1,"href":"https:\/\/sintrapel-limeira.org.br\/index.php\/wp-json\/wp\/v2\/posts\/16094\/revisions"}],"predecessor-version":[{"id":16098,"href":"https:\/\/sintrapel-limeira.org.br\/index.php\/wp-json\/wp\/v2\/posts\/16094\/revisions\/16098"}],"wp:featuredmedia":[{"embeddable":true,"href":"https:\/\/sintrapel-limeira.org.br\/index.php\/wp-json\/wp\/v2\/media\/16097"}],"wp:attachment":[{"href":"https:\/\/sintrapel-limeira.org.br\/index.php\/wp-json\/wp\/v2\/media?parent=16094"}],"wp:term":[{"taxonomy":"category","embeddable":true,"href":"https:\/\/sintrapel-limeira.org.br\/index.php\/wp-json\/wp\/v2\/categories?post=16094"},{"taxonomy":"post_tag","embeddable":true,"href":"https:\/\/sintrapel-limeira.org.br\/index.php\/wp-json\/wp\/v2\/tags?post=16094"}],"curies":[{"name":"wp","href":"https:\/\/api.w.org\/{rel}","templated":true}]}}