{"id":15403,"date":"2023-11-07T12:52:17","date_gmt":"2023-11-07T15:52:17","guid":{"rendered":"http:\/\/sintrapel-limeira.org.br\/?p=15403"},"modified":"2023-11-07T12:55:21","modified_gmt":"2023-11-07T15:55:21","slug":"assinada-convencao-artefatos-de-papel","status":"publish","type":"post","link":"https:\/\/sintrapel-limeira.org.br\/index.php\/assinada-convencao-artefatos-de-papel\/","title":{"rendered":"Assinada Conven\u00e7\u00e3o Artefatos de Papel"},"content":{"rendered":"<p>No dia 03\/11\/2023, a Federa\u00e7\u00e3o Papeleira SP\/MS, juntamente com seus sindicatos filiados, cumpriram uma etapa das negocia\u00e7\u00f5es salariais, todos estiveram presentes para assinar a Conven\u00e7\u00e3o Coletiva de Trabalho da categoria Artefatos de Papel. Ressaltando que esse acordo foi o melhor dos \u00faltimos 10 anos. \u201cNossa uni\u00e3o nas negocia\u00e7\u00f5es nos proporcionou a possibilidade de conquistar esse acordo para os trabalhadores, est\u00e3o todos de parab\u00e9ns\u201d, comentou presidente Betinho.<\/p>\n<p><img loading=\"lazy\" decoding=\"async\" class=\"aligncenter size-full wp-image-15409\" src=\"http:\/\/sintrapel-limeira.org.br\/2016\/wp-content\/uploads\/2023\/11\/Imagem-do-WhatsApp-de-2023-11-07-as-12.39.44_d86afc47.jpg\" alt=\"\" width=\"1024\" height=\"730\" srcset=\"https:\/\/sintrapel-limeira.org.br\/2016\/wp-content\/uploads\/2023\/11\/Imagem-do-WhatsApp-de-2023-11-07-as-12.39.44_d86afc47.jpg 1024w, https:\/\/sintrapel-limeira.org.br\/2016\/wp-content\/uploads\/2023\/11\/Imagem-do-WhatsApp-de-2023-11-07-as-12.39.44_d86afc47-300x214.jpg 300w, https:\/\/sintrapel-limeira.org.br\/2016\/wp-content\/uploads\/2023\/11\/Imagem-do-WhatsApp-de-2023-11-07-as-12.39.44_d86afc47-768x548.jpg 768w\" sizes=\"(max-width: 1024px) 100vw, 1024px\" \/><\/p>\n","protected":false},"excerpt":{"rendered":"<p>No dia 03\/11\/2023, a Federa\u00e7\u00e3o Papeleira SP\/MS, juntamente com seus sindicatos filiados, cumpriram uma etapa das negocia\u00e7\u00f5es salariais, todos estiveram presentes para assinar a Conven\u00e7\u00e3o Coletiva de Trabalho da categoria&hellip; <\/p>\n","protected":false},"author":3,"featured_media":15409,"comment_status":"closed","ping_status":"open","sticky":false,"template":"","format":"standard","meta":{"footnotes":""},"categories":[530,450],"tags":[],"class_list":["post-15403","post","type-post","status-publish","format-standard","has-post-thumbnail","hentry","category-campanha-salarial-2023","category-destaque"],"_links":{"self":[{"href":"https:\/\/sintrapel-limeira.org.br\/index.php\/wp-json\/wp\/v2\/posts\/15403"}],"collection":[{"href":"https:\/\/sintrapel-limeira.org.br\/index.php\/wp-json\/wp\/v2\/posts"}],"about":[{"href":"https:\/\/sintrapel-limeira.org.br\/index.php\/wp-json\/wp\/v2\/types\/post"}],"author":[{"embeddable":true,"href":"https:\/\/sintrapel-limeira.org.br\/index.php\/wp-json\/wp\/v2\/users\/3"}],"replies":[{"embeddable":true,"href":"https:\/\/sintrapel-limeira.org.br\/index.php\/wp-json\/wp\/v2\/comments?post=15403"}],"version-history":[{"count":1,"href":"https:\/\/sintrapel-limeira.org.br\/index.php\/wp-json\/wp\/v2\/posts\/15403\/revisions"}],"predecessor-version":[{"id":15410,"href":"https:\/\/sintrapel-limeira.org.br\/index.php\/wp-json\/wp\/v2\/posts\/15403\/revisions\/15410"}],"wp:featuredmedia":[{"embeddable":true,"href":"https:\/\/sintrapel-limeira.org.br\/index.php\/wp-json\/wp\/v2\/media\/15409"}],"wp:attachment":[{"href":"https:\/\/sintrapel-limeira.org.br\/index.php\/wp-json\/wp\/v2\/media?parent=15403"}],"wp:term":[{"taxonomy":"category","embeddable":true,"href":"https:\/\/sintrapel-limeira.org.br\/index.php\/wp-json\/wp\/v2\/categories?post=15403"},{"taxonomy":"post_tag","embeddable":true,"href":"https:\/\/sintrapel-limeira.org.br\/index.php\/wp-json\/wp\/v2\/tags?post=15403"}],"curies":[{"name":"wp","href":"https:\/\/api.w.org\/{rel}","templated":true}]}}