{"id":14423,"date":"2020-06-26T04:12:13","date_gmt":"2020-06-26T07:12:13","guid":{"rendered":"http:\/\/sintrapel-limeira.org.br\/?p=14423"},"modified":"2020-06-26T04:12:13","modified_gmt":"2020-06-26T07:12:13","slug":"auxilio-emergencial-caixa-paga-3a-parcela-a-19-milhao-de-beneficiarios-do-bolsa-familia-com-nis-final-8-nesta-sexta","status":"publish","type":"post","link":"https:\/\/sintrapel-limeira.org.br\/index.php\/auxilio-emergencial-caixa-paga-3a-parcela-a-19-milhao-de-beneficiarios-do-bolsa-familia-com-nis-final-8-nesta-sexta\/","title":{"rendered":"Aux\u00edlio Emergencial: Caixa paga 3\u00aa parcela a 1,9 milh\u00e3o de benefici\u00e1rios do Bolsa Fam\u00edlia com NIS final 8 nesta sexta"},"content":{"rendered":"<p>Para os demais trabalhadores aprovados no programa, as datas de pagamento da terceira parcela do benef\u00edcio seguem indefinidas.<\/p>\n<p>A Caixa Econ\u00f4mica Federal (CEF) paga nesta sexta-feira (26) a terceira parcela do Aux\u00edlio Emergencial para 1,9 milh\u00e3o benefici\u00e1rios do Bolsa Fam\u00edlia qualificados no programa, cujo n\u00famero do NIS termina em 8. Os pagamentos para esse grupo s\u00e3o feitos da mesma forma que o Bolsa.<\/p>\n<p><img loading=\"lazy\" decoding=\"async\" src=\"http:\/\/sintrapel-limeira.org.br\/2016\/wp-content\/uploads\/2020\/06\/pagamento-bolsa-familia.jpg\" alt=\"\" width=\"984\" height=\"737\" class=\"aligncenter size-full wp-image-14424\" srcset=\"https:\/\/sintrapel-limeira.org.br\/2016\/wp-content\/uploads\/2020\/06\/pagamento-bolsa-familia.jpg 984w, https:\/\/sintrapel-limeira.org.br\/2016\/wp-content\/uploads\/2020\/06\/pagamento-bolsa-familia-300x225.jpg 300w, https:\/\/sintrapel-limeira.org.br\/2016\/wp-content\/uploads\/2020\/06\/pagamento-bolsa-familia-768x575.jpg 768w\" sizes=\"(max-width: 984px) 100vw, 984px\" \/><\/p>\n<p>Segundo a Caixa, foram processados pela Dataprev 106,3 milh\u00f5es de cadastros, dos quais 64,1 milh\u00f5es foram considerados eleg\u00edveis &#8211; destes, 19,2 milh\u00f5es de benefici\u00e1rios do Bolsa Fam\u00edlia, 10,5 milh\u00f5es do Cadastro \u00danico e 34,4 milh\u00f5es de trabalhadores que se inscreveram por meio do site e do aplicativo do programa.<\/p>\n<p>Foram considerados ineleg\u00edveis 42,2 milh\u00f5es de cadastros, entre eles 19,9 milh\u00f5es feitos por meio do site e do aplicativo do programa.<\/p>\n<p>Outros 1,3 milh\u00e3o de cadastros feitos pelo app e site est\u00e3o em rean\u00e1lise, e 1,8 milh\u00e3o ainda aguardam a primeira an\u00e1lise.<\/p>\n<p>Os trabalhadores podem consultar a situa\u00e7\u00e3o do benef\u00edcio pelo aplicativo do aux\u00edlio emergencial ou pelo site <a href=\"https:\/\/auxilio.caixa.gov.br\/#\/inicio\" rel=\"noopener noreferrer\" target=\"_blank\">auxilio.caixa.gov.br<\/a>.<\/p>\n<p><em>Fonte: G1<\/em><\/p>\n","protected":false},"excerpt":{"rendered":"<p>Para os demais trabalhadores aprovados no programa, as datas de pagamento da terceira parcela do benef\u00edcio seguem indefinidas. A Caixa Econ\u00f4mica Federal (CEF) paga nesta sexta-feira (26) a terceira parcela&hellip; <\/p>\n","protected":false},"author":3,"featured_media":0,"comment_status":"open","ping_status":"open","sticky":false,"template":"","format":"gallery","meta":{"footnotes":""},"categories":[61,39,37,5],"tags":[284,416,406,410],"class_list":["post-14423","post","type-post","status-publish","format-gallery","hentry","category-economia","category-home","category-noticias","category-slider","tag-auxilio","tag-auxilio-emergencial","tag-coronavirus","tag-pandemia","post_format-post-format-gallery"],"_links":{"self":[{"href":"https:\/\/sintrapel-limeira.org.br\/index.php\/wp-json\/wp\/v2\/posts\/14423"}],"collection":[{"href":"https:\/\/sintrapel-limeira.org.br\/index.php\/wp-json\/wp\/v2\/posts"}],"about":[{"href":"https:\/\/sintrapel-limeira.org.br\/index.php\/wp-json\/wp\/v2\/types\/post"}],"author":[{"embeddable":true,"href":"https:\/\/sintrapel-limeira.org.br\/index.php\/wp-json\/wp\/v2\/users\/3"}],"replies":[{"embeddable":true,"href":"https:\/\/sintrapel-limeira.org.br\/index.php\/wp-json\/wp\/v2\/comments?post=14423"}],"version-history":[{"count":1,"href":"https:\/\/sintrapel-limeira.org.br\/index.php\/wp-json\/wp\/v2\/posts\/14423\/revisions"}],"predecessor-version":[{"id":14425,"href":"https:\/\/sintrapel-limeira.org.br\/index.php\/wp-json\/wp\/v2\/posts\/14423\/revisions\/14425"}],"wp:attachment":[{"href":"https:\/\/sintrapel-limeira.org.br\/index.php\/wp-json\/wp\/v2\/media?parent=14423"}],"wp:term":[{"taxonomy":"category","embeddable":true,"href":"https:\/\/sintrapel-limeira.org.br\/index.php\/wp-json\/wp\/v2\/categories?post=14423"},{"taxonomy":"post_tag","embeddable":true,"href":"https:\/\/sintrapel-limeira.org.br\/index.php\/wp-json\/wp\/v2\/tags?post=14423"}],"curies":[{"name":"wp","href":"https:\/\/api.w.org\/{rel}","templated":true}]}}