{"id":14353,"date":"2020-04-30T16:00:17","date_gmt":"2020-04-30T19:00:17","guid":{"rendered":"http:\/\/sintrapel-limeira.org.br\/?p=14353"},"modified":"2020-04-30T16:00:17","modified_gmt":"2020-04-30T19:00:17","slug":"subnotificacao-encobre-crescimento-do-desemprego-alerta-dieese","status":"publish","type":"post","link":"https:\/\/sintrapel-limeira.org.br\/index.php\/subnotificacao-encobre-crescimento-do-desemprego-alerta-dieese\/","title":{"rendered":"Subnotifica\u00e7\u00e3o encobre crescimento do desemprego, alerta Dieese"},"content":{"rendered":"<p><em>Dados do seguro-desemprego apontam que mais de 5 milh\u00f5es de trabalhadores formais j\u00e1 foram afetados pela crise decorrente da pandemia de coronav\u00edrus<\/em><\/p>\n<p><img loading=\"lazy\" decoding=\"async\" src=\"http:\/\/sintrapel-limeira.org.br\/2016\/wp-content\/uploads\/2020\/04\/subnotifica\u00e7\u00e3o-desemprego.jpg\" alt=\"\" width=\"1200\" height=\"754\" class=\"aligncenter size-full wp-image-14355\" \/><\/p>\n<p>S\u00e3o Paulo \u2013 Em fun\u00e7\u00e3o da falta e da demora na realiza\u00e7\u00e3o de testes, os n\u00fameros reais de mortos e infectados pelo novo coronav\u00edrus, no Brasil, s\u00e3o muito maiores do que aqueles apresentados pelas estat\u00edsticas oficiais. O mesmo vem ocorrendo com os \u00edndices que medem o desemprego. Desde o in\u00edcio do ano, o governo n\u00e3o divulga os dados do Cadastro Geral de Empregados e Desempregados (Caged), atribuindo \u00e0s empresas a falta de informa\u00e7\u00f5es prestadas.<\/p>\n<p>Na falta dos dados oficiais, os n\u00fameros do seguro-desemprego apontam pelo menos 5 milh\u00f5es de trabalhadores formais que tiveram seus empregos afetados desde o in\u00edcio da pandemia. Segundo reportagem do jornal Folha de S.Paulo, pelo menos 1 milh\u00e3o de pessoas foram demitidas. Outros 4,3 milh\u00f5es de trabalhadores formais tiveram o contrato suspenso ou jornadas e sal\u00e1rios reduzidos por at\u00e9 tr\u00eas meses.<\/p>\n<p>Para o diretor t\u00e9cnico do Dieese, Fausto Augusto Junior, mesmo os dados do seguro-desemprego podem estar subestimados. E apontam para a falta de a\u00e7\u00e3o devida do Estado no combate aos efeitos econ\u00f4micos da pandemia. Segundo ele, a estabilidade no emprego durante a crise foi garantida apenas formalmente. Na pr\u00e1tica, as empresas continuam demitindo, pagando a multa estabelecida pela Medida Provis\u00f3ria (MP) 936.<\/p>\n<p><strong>Tempestade perfeita<\/strong><br \/>\nO avan\u00e7o no n\u00famero de mortos pela covid-19, somado aos seus efeitos econ\u00f4micos, agravados ainda pela crise pol\u00edtica alimentada pelo pr\u00f3prio governo Bolsonaro, configuram uma \u201ctempestade perfeita\u201d. As principais v\u00edtimas do desastre s\u00e3o os trabalhadores informais e os que ganham menos.<\/p>\n<p>\u201cDo ponto de vista bem objetivo, estamos perdendo pessoas, que est\u00e3o morrendo, e estamos destruindo empregos. E, muito provavelmente, a gente comece a ver a destrui\u00e7\u00e3o de empresas. Se o Estado n\u00e3o se mover, no sentido de mitigar minimamente as perdas em rela\u00e7\u00e3o \u00e0 pandemia, esse cen\u00e1rio pode se agravar\u201d, disse Fausto ao jornalista Glauco Faria, para o Jornal Brasil Atual, nesta quarta-feira (29).<\/p>\n<p><strong>Apag\u00e3o<\/strong><br \/>\nO diretor do Dieese afirma que o \u201capag\u00e3o estat\u00edstico\u201d sobre desemprego pode dar a falsa sensa\u00e7\u00e3o de que o problema n\u00e3o existe. Quando vier \u00e0 tona plenamente, pode ser muito tarde para agir. \u00c9 tamb\u00e9m uma caracter\u00edstica do governo Bolsonaro, que ignora dados cient\u00edficos para, assim, poder criar as suas pr\u00f3prias realidades alternativas, segundo Fausto.<\/p>\n<p><em>Fonte: Rede Brasil Atual<\/em><\/p>\n","protected":false},"excerpt":{"rendered":"<p>Dados do seguro-desemprego apontam que mais de 5 milh\u00f5es de trabalhadores formais j\u00e1 foram afetados pela crise decorrente da pandemia de coronav\u00edrus S\u00e3o Paulo \u2013 Em fun\u00e7\u00e3o da falta e&hellip; <\/p>\n","protected":false},"author":3,"featured_media":0,"comment_status":"open","ping_status":"open","sticky":false,"template":"","format":"gallery","meta":{"footnotes":""},"categories":[39,37,258,5],"tags":[284,406,333,74,410],"class_list":["post-14353","post","type-post","status-publish","format-gallery","hentry","category-home","category-noticias","category-politica","category-slider","tag-auxilio","tag-coronavirus","tag-crise","tag-desemprego","tag-pandemia","post_format-post-format-gallery"],"_links":{"self":[{"href":"https:\/\/sintrapel-limeira.org.br\/index.php\/wp-json\/wp\/v2\/posts\/14353"}],"collection":[{"href":"https:\/\/sintrapel-limeira.org.br\/index.php\/wp-json\/wp\/v2\/posts"}],"about":[{"href":"https:\/\/sintrapel-limeira.org.br\/index.php\/wp-json\/wp\/v2\/types\/post"}],"author":[{"embeddable":true,"href":"https:\/\/sintrapel-limeira.org.br\/index.php\/wp-json\/wp\/v2\/users\/3"}],"replies":[{"embeddable":true,"href":"https:\/\/sintrapel-limeira.org.br\/index.php\/wp-json\/wp\/v2\/comments?post=14353"}],"version-history":[{"count":2,"href":"https:\/\/sintrapel-limeira.org.br\/index.php\/wp-json\/wp\/v2\/posts\/14353\/revisions"}],"predecessor-version":[{"id":14357,"href":"https:\/\/sintrapel-limeira.org.br\/index.php\/wp-json\/wp\/v2\/posts\/14353\/revisions\/14357"}],"wp:attachment":[{"href":"https:\/\/sintrapel-limeira.org.br\/index.php\/wp-json\/wp\/v2\/media?parent=14353"}],"wp:term":[{"taxonomy":"category","embeddable":true,"href":"https:\/\/sintrapel-limeira.org.br\/index.php\/wp-json\/wp\/v2\/categories?post=14353"},{"taxonomy":"post_tag","embeddable":true,"href":"https:\/\/sintrapel-limeira.org.br\/index.php\/wp-json\/wp\/v2\/tags?post=14353"}],"curies":[{"name":"wp","href":"https:\/\/api.w.org\/{rel}","templated":true}]}}