{"id":14350,"date":"2020-04-27T22:38:17","date_gmt":"2020-04-28T01:38:17","guid":{"rendered":"http:\/\/sintrapel-limeira.org.br\/?p=14350"},"modified":"2020-04-27T22:38:17","modified_gmt":"2020-04-28T01:38:17","slug":"manutencao-do-governo-bolsonaro-e-prejuizo-para-os-trabalhadores","status":"publish","type":"post","link":"https:\/\/sintrapel-limeira.org.br\/index.php\/manutencao-do-governo-bolsonaro-e-prejuizo-para-os-trabalhadores\/","title":{"rendered":"Manuten\u00e7\u00e3o do governo Bolsonaro \u00e9 preju\u00edzo para os trabalhadores"},"content":{"rendered":"<p><em>Diante da crise pol\u00edtica, econ\u00f4mica e sanit\u00e1ria, lideran\u00e7as sindicais e sociais endossam a necessidade do impeachment de Jair Bolsonaro<\/em><\/p>\n<figure id=\"attachment_14351\" aria-describedby=\"caption-attachment-14351\" style=\"width: 1024px\" class=\"wp-caption aligncenter\"><img loading=\"lazy\" decoding=\"async\" src=\"http:\/\/sintrapel-limeira.org.br\/2016\/wp-content\/uploads\/2020\/04\/49051089238_725891e85c_k-e1573513176207-1024x630-1.jpg\" alt=\"\" width=\"1024\" height=\"630\" class=\"size-full wp-image-14351\" \/><figcaption id=\"caption-attachment-14351\" class=\"wp-caption-text\">Foto: Carolina Antunes\/PR<\/figcaption><\/figure>\n<p>S\u00e3o Paulo \u2013 Jair Bolsonaro n\u00e3o est\u00e1 preparado para enfrentar os problemas causados pela pandemia do novo coronav\u00edrus. A falta de pol\u00edticas econ\u00f4micas e medidas sanit\u00e1rias e os poss\u00edveis crimes de responsabilidade indicam a necessidade da instala\u00e7\u00e3o de um processo de impeachment do atual presidente, na avalia\u00e7\u00e3o de lideran\u00e7as sindicais e de movimentos sociais.<\/p>\n<p>A presidenta dos Sindicato dos Banc\u00e1rios de S\u00e3o Paulo, Osasco e Regi\u00e3o, Ivone Silva, lamenta que, precisando combater o coronav\u00edrus, o Brasil tenha um \u201cgoverno que n\u00e3o governa\u201d diante da maior crise sanit\u00e1ria e pol\u00edtica da d\u00e9cada. Na avalia\u00e7\u00e3o dela, o discurso do presidente sobre a falta de alternativas \u00e0 popula\u00e7\u00e3o, que vai \u201cmorrer de fome ou de covid-19\u201d, \u00e9 uma desculpa para a falta de proposta. \u201cEle deveria proteger a economia e a sa\u00fade do povo. Todos os pa\u00edses est\u00e3o incentivando a reconvers\u00e3o industrial. Cada pa\u00eds vai cuidar da sua popula\u00e7\u00e3o. O Bolsonaro tem que criar pol\u00edticas para o Estado, fortalecendo a ind\u00fastria e combatendo a covid-19\u201d, criticou, em entrevista \u00e0s jornalistas Talita Galli e Marilu Caba\u00f1as.<\/p>\n<p>O presidente da CUT, S\u00e9rgio Nobre, lembra que o aux\u00edlio emergencial \u00e9 fruto da luta dos trabalhadores, enquanto o governo buscava pagar apenas R$ 200. Segundo ele, o impeachment se tornou uma necessidade para o pa\u00eds.<\/p>\n<p>\u201cN\u00f3s n\u00e3o temos um governo, n\u00e3o temos um presidente. Se ele fosse s\u00e9rio, convocaria os representantes dos trabalhadores e dos empres\u00e1rios para discutir como proteger o emprego e as empresas. Chamaria os governadores e prefeitos para saber como atravessar a pandemia, mas ele n\u00e3o tem essa capacidade. N\u00e3o podemos mais ter essa agenda do Paulo Guedes de \u2018pibinho\u2019. Precisamos de um projeto\u201d, acrescentou Nobre.<\/p>\n<p><strong>Enfraquecimento do governo<\/strong><br \/>\nNa \u00faltima sexta-feira (24), o ex-juiz Sergio Moro deixou o Minist\u00e9rio da Justi\u00e7a. Em seu pronunciamento, Moro indicou crimes de responsabilidade de Jair Bolsonaro, como a interfer\u00eancia na Pol\u00edcia Federal, e vazou conversa com o presidente feita por meio de um aplicativo de mensagem.<\/p>\n<p>O presidente j\u00e1 estava fragilizado politicamente ap\u00f3s ter participado das manifesta\u00e7\u00f5es antidemocr\u00e1ticas, no \u00faltimo dia 19. Com o agravamento da crise pol\u00edtica, as lideran\u00e7as acreditam que a bandeira do \u201cFora Bolsonaro\u201d deve ser levantada.<\/p>\n<p>\u201cComo pode um presidente eleito ser contra o processo que o elegeu? Ele foi a um ato pelo fechamento do Congresso Nacional. \u00c9 totalmente despreparado para ser presidente. Nosso debate precisa ser voltado \u00e0 defesa da democracia e \u00e0 manuten\u00e7\u00e3o do direito ao voto. N\u00e3o \u00e9 o melhor momento para abrir o processo de impeachment, mas \u00e9 dif\u00edcil manter um presidente que n\u00e3o zela pela democracia\u201d, criticou Ivone.<\/p>\n<p><strong>P\u00e9 atr\u00e1s<\/strong><br \/>\nO presidente do Sindicato dos Metal\u00fargicos do ABC, Wagner Santana, o Wagn\u00e3o, acredita que \u00e9 preciso cautela para endossar o afastamento de Bolsonaro. \u201c\u00c9 um processo doloroso e o tempo que toma da sociedade nesse debate \u00e9 exaustivo. Temos que estar com todos os focos voltados \u00e0 pandemia, que vai at\u00e9 o segundo semestre. Andar essa agenda sanit\u00e1ria junto com a do impeachment n\u00e3o \u00e9 favor\u00e1vel\u201d, alertou.<\/p>\n<p>Por outro lado, o dirigente afirma que n\u00e3o houve compet\u00eancia do governo para preparar o Brasil no enfrentamento dessa crise. \u201cEstamos discutindo com empresas que n\u00e3o t\u00eam dinheiro para pagar os 30% do contrato do trabalho, vamos ter um desastre econ\u00f4mico. O governo n\u00e3o est\u00e1 preocupado em proteger emprego, 60% do PIB brasileiro \u00e9 movimento pela renda familiar. Portanto, veremos o aumento do desemprego, o fechamento de empresas e o empobrecimento do povo\u201d, lamentou.<\/p>\n<p>O coordenador nacional do Movimento dos Trabalhadores Rurais Sem Terra (MST) Jo\u00e3o Paulo Rodrigues acrescenta que n\u00e3o \u00e9 poss\u00edvel continuar o debate sobre o coronav\u00edrus e a crise econ\u00f4mica com Bolsonaro no poder, mas alerta sobre a efetiva\u00e7\u00e3o do vice-presidente, Hamilton Mour\u00e3o, no cargo da presid\u00eancia.<\/p>\n<p>\u201cA nossa preocupa\u00e7\u00e3o com o impeachment \u00e9 que o governo Bolsonaro ser\u00e1 mantido com o Mour\u00e3o na presid\u00eancia. As coisas n\u00e3o v\u00e3o melhorar, pois o pensamento militar \u00e9 o mesmo\u201d, finaliza.<\/p>\n<p><em>Fonte: Rede Brasil Atual<\/em><\/p>\n","protected":false},"excerpt":{"rendered":"<p>Diante da crise pol\u00edtica, econ\u00f4mica e sanit\u00e1ria, lideran\u00e7as sindicais e sociais endossam a necessidade do impeachment de Jair Bolsonaro S\u00e3o Paulo \u2013 Jair Bolsonaro n\u00e3o est\u00e1 preparado para enfrentar os&hellip; <\/p>\n","protected":false},"author":3,"featured_media":0,"comment_status":"open","ping_status":"open","sticky":false,"template":"","format":"gallery","meta":{"footnotes":""},"categories":[39,37,258,5],"tags":[416,406,417,410,198,304],"class_list":["post-14350","post","type-post","status-publish","format-gallery","hentry","category-home","category-noticias","category-politica","category-slider","tag-auxilio-emergencial","tag-coronavirus","tag-fora-bolsonaro","tag-pandemia","tag-sindicatos","tag-trabalhador","post_format-post-format-gallery"],"_links":{"self":[{"href":"https:\/\/sintrapel-limeira.org.br\/index.php\/wp-json\/wp\/v2\/posts\/14350"}],"collection":[{"href":"https:\/\/sintrapel-limeira.org.br\/index.php\/wp-json\/wp\/v2\/posts"}],"about":[{"href":"https:\/\/sintrapel-limeira.org.br\/index.php\/wp-json\/wp\/v2\/types\/post"}],"author":[{"embeddable":true,"href":"https:\/\/sintrapel-limeira.org.br\/index.php\/wp-json\/wp\/v2\/users\/3"}],"replies":[{"embeddable":true,"href":"https:\/\/sintrapel-limeira.org.br\/index.php\/wp-json\/wp\/v2\/comments?post=14350"}],"version-history":[{"count":1,"href":"https:\/\/sintrapel-limeira.org.br\/index.php\/wp-json\/wp\/v2\/posts\/14350\/revisions"}],"predecessor-version":[{"id":14352,"href":"https:\/\/sintrapel-limeira.org.br\/index.php\/wp-json\/wp\/v2\/posts\/14350\/revisions\/14352"}],"wp:attachment":[{"href":"https:\/\/sintrapel-limeira.org.br\/index.php\/wp-json\/wp\/v2\/media?parent=14350"}],"wp:term":[{"taxonomy":"category","embeddable":true,"href":"https:\/\/sintrapel-limeira.org.br\/index.php\/wp-json\/wp\/v2\/categories?post=14350"},{"taxonomy":"post_tag","embeddable":true,"href":"https:\/\/sintrapel-limeira.org.br\/index.php\/wp-json\/wp\/v2\/tags?post=14350"}],"curies":[{"name":"wp","href":"https:\/\/api.w.org\/{rel}","templated":true}]}}