{"id":1611,"date":"2016-07-23T02:34:39","date_gmt":"2016-07-23T05:34:39","guid":{"rendered":"http:\/\/sintrapel-limeira.org.br\/?p=1611"},"modified":"2016-07-25T19:30:01","modified_gmt":"2016-07-25T22:30:01","slug":"encerramento-do-1-encontro-nacional-do-setor-papeleiro","status":"publish","type":"post","link":"http:\/\/sintrapel-limeira.org.br\/index.php\/encerramento-do-1-encontro-nacional-do-setor-papeleiro\/","title":{"rendered":"Encerramento do 1\u00b0 Encontro Nacional do Setor Papeleiro"},"content":{"rendered":"<p>Na tarde de hoje, 22 de julho, aconteceu o encerramento do <strong>1\u00b0 Encontro Nacional do Departamento Profissional do setor Papeleiro da CNTI<\/strong>. Ap\u00f3s muitos debates, palestras e reuni\u00f5es, o evento que contou com a presen\u00e7a de lideran\u00e7as sindicais de todo o Brasil foi finalizado com grande \u00eaxito, fortalecendo ainda mais a categoria e fazendo jus ao lema da campanha \u2018Unir para Conquistar\u2019.<\/p>\n<p>O evento foi realizado nos dias 20, 21 e 22 de julho de 2016 na cidade de Praia Grande \u2013 SP.<\/p>\n<p><img decoding=\"async\" class=\"ngg_displayed_gallery mceItem\" src=\"http:\/\/sintrapel-limeira.org.br\/index.php\/nextgen-attach_to_post\/preview\/id--1994\" data-mce-placeholder=\"1\" \/><\/p>\n","protected":false},"excerpt":{"rendered":"<p>Na tarde de hoje, 22 de julho, aconteceu o encerramento do 1\u00b0 Encontro Nacional do Departamento Profissional do setor Papeleiro da CNTI. Ap\u00f3s muitos debates, palestras e reuni\u00f5es, o evento&hellip; <\/p>\n","protected":false},"author":1,"featured_media":2005,"comment_status":"open","ping_status":"open","sticky":false,"template":"","format":"gallery","meta":{"footnotes":""},"categories":[54,42,5],"tags":[51,55,101],"class_list":["post-1611","post","type-post","status-publish","format-gallery","has-post-thumbnail","hentry","category-eventos","category-galeria","category-slider","tag-cnti","tag-encontro","tag-papelao","post_format-post-format-gallery"],"_links":{"self":[{"href":"http:\/\/sintrapel-limeira.org.br\/index.php\/wp-json\/wp\/v2\/posts\/1611"}],"collection":[{"href":"http:\/\/sintrapel-limeira.org.br\/index.php\/wp-json\/wp\/v2\/posts"}],"about":[{"href":"http:\/\/sintrapel-limeira.org.br\/index.php\/wp-json\/wp\/v2\/types\/post"}],"author":[{"embeddable":true,"href":"http:\/\/sintrapel-limeira.org.br\/index.php\/wp-json\/wp\/v2\/users\/1"}],"replies":[{"embeddable":true,"href":"http:\/\/sintrapel-limeira.org.br\/index.php\/wp-json\/wp\/v2\/comments?post=1611"}],"version-history":[{"count":1,"href":"http:\/\/sintrapel-limeira.org.br\/index.php\/wp-json\/wp\/v2\/posts\/1611\/revisions"}],"predecessor-version":[{"id":1997,"href":"http:\/\/sintrapel-limeira.org.br\/index.php\/wp-json\/wp\/v2\/posts\/1611\/revisions\/1997"}],"wp:featuredmedia":[{"embeddable":true,"href":"http:\/\/sintrapel-limeira.org.br\/index.php\/wp-json\/wp\/v2\/media\/2005"}],"wp:attachment":[{"href":"http:\/\/sintrapel-limeira.org.br\/index.php\/wp-json\/wp\/v2\/media?parent=1611"}],"wp:term":[{"taxonomy":"category","embeddable":true,"href":"http:\/\/sintrapel-limeira.org.br\/index.php\/wp-json\/wp\/v2\/categories?post=1611"},{"taxonomy":"post_tag","embeddable":true,"href":"http:\/\/sintrapel-limeira.org.br\/index.php\/wp-json\/wp\/v2\/tags?post=1611"}],"curies":[{"name":"wp","href":"https:\/\/api.w.org\/{rel}","templated":true}]}}