{"id":16014,"date":"2025-12-02T11:13:38","date_gmt":"2025-12-02T14:13:38","guid":{"rendered":"https:\/\/sintrapel-limeira.org.br\/?p=16014"},"modified":"2025-12-02T11:14:24","modified_gmt":"2025-12-02T14:14:24","slug":"renovada-a-convencao-coletiva-de-trabalho-da-categoria-artefatos-de-papel","status":"publish","type":"post","link":"http:\/\/sintrapel-limeira.org.br\/index.php\/renovada-a-convencao-coletiva-de-trabalho-da-categoria-artefatos-de-papel\/","title":{"rendered":"RENOVADA A CONVEN\u00c7\u00c3O COLETIVA DE TRABALHO DA CATEGORIA ARTEFATOS DE PAPEL"},"content":{"rendered":"\n<p>AOS TRABALHADORES (AS) DA CATEGORIA ARTEFATOS DE PAPEL<\/p>\n\n\n\n<p>Na data de hoje, 01 de dezembro de 2025 \u00e0s 10h, na sede do Patronal SIAPAPECO estiveram presentes a Federa\u00e7\u00e3o Papeleira SP\/MS, juntamente com seus sindicatos filiados, onde renovaram da Conven\u00e7\u00e3o Coletiva de Trabalho da categoria, segue as principais conquistas:<\/p>\n\n\n\n<p>\u2022 Reajuste salarial: 6,10% (1% de aumento real);<br>\u2022 Piso salarial (empresas com at\u00e9 100 funcion\u00e1rios): R$ 2.131,94;<br>\u2022 Piso salarial (empresas com mais de 100 funcion\u00e1rios): R$ 2.501,64;<br>\u2022 Ticket Alimenta\u00e7\u00e3o: R$ 51,00;<br>\u2022 Cesta de Alimentos: R$ 550,00 (19,5% de aumento).<\/p>\n\n\n\n<p>*Obs: A empresa n\u00e3o poder\u00e1 fazer o desconto dos trabalhadores de 10% sem acordo com o Sindicato da base*.<\/p>\n\n\n\n<p>\u201c&#8230; Este acordo representa uma grande conquista para a categoria, sendo o melhor dos \u00faltimos anos, especialmente pelo expressivo reajuste na cesta de alimentos.<br>Ap\u00f3s intensas negocia\u00e7\u00f5es, garantimos conquistas para os trabalhadores. N\u00e3o foi f\u00e1cil, enfrentamos resist\u00eancia, negociamos com firmeza e defendemos cada cl\u00e1usula da nossa conven\u00e7\u00e3o.<br>Essas conquistas v\u00e3o al\u00e9m dos n\u00fameros, significam dignidade e \u00e9 o resultado da for\u00e7a da nossa uni\u00e3o.<br>Agrade\u00e7o a confian\u00e7a dos sindicatos e, especialmente, dos trabalhadores(as) que fortalecem nossa luta. Seguiremos firmes, defendendo direitos e avan\u00e7ando sempre\u2026\u201d disse Betinho, presidente da Federa\u00e7\u00e3o.<\/p>\n\n\n\n<figure class=\"wp-block-gallery has-nested-images columns-default is-cropped wp-block-gallery-1 is-layout-flex wp-block-gallery-is-layout-flex\">\n<figure class=\"wp-block-image size-large\"><img loading=\"lazy\" decoding=\"async\" width=\"1024\" height=\"577\" data-id=\"16015\" src=\"https:\/\/sintrapel-limeira.org.br\/2016\/wp-content\/uploads\/2025\/12\/WhatsApp-Image-2025-12-02-at-11.04.22-1-1024x577.jpeg\" alt=\"\" class=\"wp-image-16015\" srcset=\"http:\/\/sintrapel-limeira.org.br\/2016\/wp-content\/uploads\/2025\/12\/WhatsApp-Image-2025-12-02-at-11.04.22-1-1024x577.jpeg 1024w, http:\/\/sintrapel-limeira.org.br\/2016\/wp-content\/uploads\/2025\/12\/WhatsApp-Image-2025-12-02-at-11.04.22-1-300x169.jpeg 300w, http:\/\/sintrapel-limeira.org.br\/2016\/wp-content\/uploads\/2025\/12\/WhatsApp-Image-2025-12-02-at-11.04.22-1-768x433.jpeg 768w, http:\/\/sintrapel-limeira.org.br\/2016\/wp-content\/uploads\/2025\/12\/WhatsApp-Image-2025-12-02-at-11.04.22-1.jpeg 1280w\" sizes=\"(max-width: 1024px) 100vw, 1024px\" \/><\/figure>\n\n\n\n<figure class=\"wp-block-image size-large\"><img loading=\"lazy\" decoding=\"async\" width=\"1024\" height=\"577\" data-id=\"16016\" src=\"https:\/\/sintrapel-limeira.org.br\/2016\/wp-content\/uploads\/2025\/12\/WhatsApp-Image-2025-12-02-at-11.04.22-1024x577.jpeg\" alt=\"\" class=\"wp-image-16016\" srcset=\"http:\/\/sintrapel-limeira.org.br\/2016\/wp-content\/uploads\/2025\/12\/WhatsApp-Image-2025-12-02-at-11.04.22-1024x577.jpeg 1024w, http:\/\/sintrapel-limeira.org.br\/2016\/wp-content\/uploads\/2025\/12\/WhatsApp-Image-2025-12-02-at-11.04.22-300x169.jpeg 300w, http:\/\/sintrapel-limeira.org.br\/2016\/wp-content\/uploads\/2025\/12\/WhatsApp-Image-2025-12-02-at-11.04.22-768x433.jpeg 768w, http:\/\/sintrapel-limeira.org.br\/2016\/wp-content\/uploads\/2025\/12\/WhatsApp-Image-2025-12-02-at-11.04.22.jpeg 1280w\" sizes=\"(max-width: 1024px) 100vw, 1024px\" \/><\/figure>\n\n\n\n<figure class=\"wp-block-image size-large\"><img loading=\"lazy\" decoding=\"async\" width=\"1024\" height=\"577\" data-id=\"16017\" src=\"https:\/\/sintrapel-limeira.org.br\/2016\/wp-content\/uploads\/2025\/12\/WhatsApp-Image-2025-12-02-at-11.04.23-1-1024x577.jpeg\" alt=\"\" class=\"wp-image-16017\" srcset=\"http:\/\/sintrapel-limeira.org.br\/2016\/wp-content\/uploads\/2025\/12\/WhatsApp-Image-2025-12-02-at-11.04.23-1-1024x577.jpeg 1024w, http:\/\/sintrapel-limeira.org.br\/2016\/wp-content\/uploads\/2025\/12\/WhatsApp-Image-2025-12-02-at-11.04.23-1-300x169.jpeg 300w, http:\/\/sintrapel-limeira.org.br\/2016\/wp-content\/uploads\/2025\/12\/WhatsApp-Image-2025-12-02-at-11.04.23-1-768x433.jpeg 768w, http:\/\/sintrapel-limeira.org.br\/2016\/wp-content\/uploads\/2025\/12\/WhatsApp-Image-2025-12-02-at-11.04.23-1.jpeg 1280w\" sizes=\"(max-width: 1024px) 100vw, 1024px\" \/><\/figure>\n\n\n\n<figure class=\"wp-block-image size-large\"><img loading=\"lazy\" decoding=\"async\" width=\"890\" height=\"1024\" data-id=\"16018\" src=\"https:\/\/sintrapel-limeira.org.br\/2016\/wp-content\/uploads\/2025\/12\/WhatsApp-Image-2025-12-02-at-11.04.23-2-890x1024.jpeg\" alt=\"\" class=\"wp-image-16018\" srcset=\"http:\/\/sintrapel-limeira.org.br\/2016\/wp-content\/uploads\/2025\/12\/WhatsApp-Image-2025-12-02-at-11.04.23-2-890x1024.jpeg 890w, http:\/\/sintrapel-limeira.org.br\/2016\/wp-content\/uploads\/2025\/12\/WhatsApp-Image-2025-12-02-at-11.04.23-2-261x300.jpeg 261w, http:\/\/sintrapel-limeira.org.br\/2016\/wp-content\/uploads\/2025\/12\/WhatsApp-Image-2025-12-02-at-11.04.23-2-768x884.jpeg 768w, http:\/\/sintrapel-limeira.org.br\/2016\/wp-content\/uploads\/2025\/12\/WhatsApp-Image-2025-12-02-at-11.04.23-2.jpeg 1112w\" sizes=\"(max-width: 890px) 100vw, 890px\" \/><\/figure>\n\n\n\n<figure class=\"wp-block-image size-large\"><img loading=\"lazy\" decoding=\"async\" width=\"782\" height=\"1024\" data-id=\"16019\" src=\"https:\/\/sintrapel-limeira.org.br\/2016\/wp-content\/uploads\/2025\/12\/WhatsApp-Image-2025-12-02-at-11.04.23-782x1024.jpeg\" alt=\"\" class=\"wp-image-16019\" srcset=\"http:\/\/sintrapel-limeira.org.br\/2016\/wp-content\/uploads\/2025\/12\/WhatsApp-Image-2025-12-02-at-11.04.23-782x1024.jpeg 782w, http:\/\/sintrapel-limeira.org.br\/2016\/wp-content\/uploads\/2025\/12\/WhatsApp-Image-2025-12-02-at-11.04.23-229x300.jpeg 229w, http:\/\/sintrapel-limeira.org.br\/2016\/wp-content\/uploads\/2025\/12\/WhatsApp-Image-2025-12-02-at-11.04.23-768x1006.jpeg 768w, http:\/\/sintrapel-limeira.org.br\/2016\/wp-content\/uploads\/2025\/12\/WhatsApp-Image-2025-12-02-at-11.04.23.jpeg 977w\" sizes=\"(max-width: 782px) 100vw, 782px\" \/><\/figure>\n<\/figure>\n","protected":false},"excerpt":{"rendered":"<p>AOS TRABALHADORES (AS) DA CATEGORIA ARTEFATOS DE PAPEL Na data de hoje, 01 de dezembro de 2025 \u00e0s 10h, na sede do Patronal SIAPAPECO estiveram presentes a Federa\u00e7\u00e3o Papeleira SP\/MS,&hellip; <\/p>\n","protected":false},"author":3,"featured_media":16015,"comment_status":"closed","ping_status":"open","sticky":false,"template":"","format":"standard","meta":{"footnotes":""},"categories":[533,450,42,37,453],"tags":[177,69,310,198],"class_list":["post-16014","post","type-post","status-publish","format-standard","has-post-thumbnail","hentry","category-campanha-salarial-2025","category-destaque","category-galeria","category-noticias","category-trabalho","tag-campanha-salarial","tag-celulose","tag-negociacao-salarial","tag-sindicatos"],"_links":{"self":[{"href":"http:\/\/sintrapel-limeira.org.br\/index.php\/wp-json\/wp\/v2\/posts\/16014"}],"collection":[{"href":"http:\/\/sintrapel-limeira.org.br\/index.php\/wp-json\/wp\/v2\/posts"}],"about":[{"href":"http:\/\/sintrapel-limeira.org.br\/index.php\/wp-json\/wp\/v2\/types\/post"}],"author":[{"embeddable":true,"href":"http:\/\/sintrapel-limeira.org.br\/index.php\/wp-json\/wp\/v2\/users\/3"}],"replies":[{"embeddable":true,"href":"http:\/\/sintrapel-limeira.org.br\/index.php\/wp-json\/wp\/v2\/comments?post=16014"}],"version-history":[{"count":1,"href":"http:\/\/sintrapel-limeira.org.br\/index.php\/wp-json\/wp\/v2\/posts\/16014\/revisions"}],"predecessor-version":[{"id":16020,"href":"http:\/\/sintrapel-limeira.org.br\/index.php\/wp-json\/wp\/v2\/posts\/16014\/revisions\/16020"}],"wp:featuredmedia":[{"embeddable":true,"href":"http:\/\/sintrapel-limeira.org.br\/index.php\/wp-json\/wp\/v2\/media\/16015"}],"wp:attachment":[{"href":"http:\/\/sintrapel-limeira.org.br\/index.php\/wp-json\/wp\/v2\/media?parent=16014"}],"wp:term":[{"taxonomy":"category","embeddable":true,"href":"http:\/\/sintrapel-limeira.org.br\/index.php\/wp-json\/wp\/v2\/categories?post=16014"},{"taxonomy":"post_tag","embeddable":true,"href":"http:\/\/sintrapel-limeira.org.br\/index.php\/wp-json\/wp\/v2\/tags?post=16014"}],"curies":[{"name":"wp","href":"https:\/\/api.w.org\/{rel}","templated":true}]}}